{"id":590,"date":"2026-09-03T13:59:56","date_gmt":"2026-09-03T13:59:56","guid":{"rendered":"https:\/\/www.serwiscodzienny.pl\/?p=590"},"modified":"2026-09-03T13:59:56","modified_gmt":"2026-09-03T13:59:56","slug":"kontrterrorysci-w-bieszczadach","status":"publish","type":"post","link":"https:\/\/www.serwiscodzienny.pl\/?p=590","title":{"rendered":"Kontrterrory\u015bci w Bieszczadach"},"content":{"rendered":"\n<p class=\"wp-block-paragraph\"><strong>30 funkcjonariuszy z pododdzia\u0142\u00f3w kontrterrorystycznych Policji doskonali\u0142o w Bieszczadach umiej\u0119tno\u015bci prowadzenia dzia\u0142a\u0144 w terenie otwartym i niezurbanizowanym. Szkolenie z zakresu tzw. zielonej taktyki, kt\u00f3rego organizatorem by\u0142 Samodzielny Pododdzia\u0142 Kontrterrorystyczny Policji w Rzeszowie, odby\u0142o si\u0119 w ramach projektu \u201eNowe wyzwania \u2013 skuteczne dzia\u0142ania \u2013 podnoszenie kompetencji Policji w zakresie zwalczania przest\u0119pczo\u015bci zorganizowanej\u201d, dofinansowanego ze \u015brodk\u00f3w Funduszu Bezpiecze\u0144stwa Wewn\u0119trznego na lata 2021-2027.<\/strong><\/p>\n\n\n\n<p class=\"wp-block-paragraph\">W minionym tygodniu na terenie powiatu Bieszczadzkiego odby\u0142o si\u0119 specjalistyczne szkolenie z zakresu taktyki na otwartym terenie, w kt\u00f3rym uczestniczyli funkcjonariusze Samodzielnych Pododdzia\u0142\u00f3w Kontrterrorystycznych Policji z Lublina, Kielc, Radomia, \u0141odzi oraz Warszawy.<\/p>\n\n\n\n<p class=\"wp-block-paragraph\">Przedsi\u0119wzi\u0119cie zosta\u0142o zrealizowane w ramach projektu \u201eNowe wyzwania \u2013 skuteczne dzia\u0142ania \u2013 podnoszenie kompetencji Policji w zakresie zwalczania przest\u0119pczo\u015bci zorganizowanej\u201d, dofinansowanego ze \u015brodk\u00f3w Funduszu Bezpiecze\u0144stwa Wewn\u0119trznego na lata 2021-2027. Liderem projektu jest Komenda Wojew\u00f3dzka Policji w Lublinie, a partnerami Komenda Wojew\u00f3dzka Policji w Rzeszowie oraz Komenda Wojew\u00f3dzka Policji w Kielcach.<\/p>\n\n\n\n<p class=\"wp-block-paragraph\">Pod okiem do\u015bwiadczonych instruktor\u00f3w by\u0142ych \u017co\u0142nierzy Jednostki Wojskowej Komandos\u00f3w funkcjonariusze doskonalili prowadzenie dzia\u0142a\u0144 oraz poruszanie si\u0119 i funkcjonowanie w wymagaj\u0105cym terenie otwartym i niezurbanizowanym. Zaj\u0119cia obejmowa\u0142y m.in. rozpoznanie terenu, planowanie dzia\u0142a\u0144, pokonywanie przeszk\u00f3d oraz zatrzymywanie os\u00f3b niebezpiecznych.<\/p>\n\n\n\n<p class=\"wp-block-paragraph\">Wykorzystanie wymagaj\u0105cego terenu Bieszczad pozwoli\u0142o na realizacj\u0119 praktycznych \u0107wicze\u0144 w warunkach zbli\u017conych do tych, z jakimi funkcjonariusze mog\u0105 spotka\u0107 si\u0119 podczas rzeczywistych dzia\u0142a\u0144. Zwie\u0144czeniem szkolenia by\u0142o \u0107wiczenie praktyczne przeprowadzone w warunkach nocnych, m. in. z wykorzystaniem noktowizji i odpowiedniego rozpoznania terenu.<\/p>\n\n\n\n<p class=\"wp-block-paragraph\">Szkolenia tego rodzaju pozwalaj\u0105 funkcjonariuszom doskonali\u0107 umiej\u0119tno\u015bci, wymienia\u0107 do\u015bwiadczenia oraz zwi\u0119ksza\u0107 gotowo\u015b\u0107 do skutecznego reagowania w sytuacjach wymagaj\u0105cych specjalistycznego przygotowania.<\/p>\n\n\n\n<p class=\"wp-block-paragraph\">\u0106wiczenia w ramach projektu by\u0142y kolejnym krokiem w budowaniu bezpiecze\u0144stwa obywateli i wzmacnianiu gotowo\u015bci policyjnych kontrterroryst\u00f3w.<\/p>\n","protected":false},"excerpt":{"rendered":"<p>30 funkcjonariuszy z pododdzia\u0142\u00f3w kontrterrorystycznych Policji doskonali\u0142o w Bieszczadach umiej\u0119tno\u015bci prowadzenia dzia\u0142a\u0144 w terenie otwartym i niezurbanizowanym. Szkolenie z zakresu tzw. zielonej taktyki, kt\u00f3rego organizatorem by\u0142 Samodzielny Pododdzia\u0142 Kontrterrorystyczny Policji w Rzeszowie, odby\u0142o si\u0119 w ramach projektu \u201eNowe wyzwania \u2013 skuteczne dzia\u0142ania \u2013 podnoszenie kompetencji Policji w zakresie zwalczania przest\u0119pczo\u015bci zorganizowanej\u201d, dofinansowanego ze \u015brodk\u00f3w Funduszu Bezpiecze\u0144stwa Wewn\u0119trznego na lata 2021-2027.<\/p>\n","protected":false},"author":1,"featured_media":591,"comment_status":"open","ping_status":"open","sticky":false,"template":"","format":"standard","meta":{"footnotes":""},"categories":[21],"tags":[],"class_list":["post-590","post","type-post","status-publish","format-standard","has-post-thumbnail","hentry","category-region"],"yoast_head":"<!-- This site is optimized with the Yoast SEO plugin v28.4 - https:\/\/yoast.com\/product\/yoast-seo-wordpress\/ -->\n<title>Kontrterrory\u015bci w Bieszczadach - Serwis Codzienny<\/title>\n<meta name=\"robots\" content=\"index, follow, max-snippet:-1, max-image-preview:large, max-video-preview:-1\" \/>\n<link rel=\"canonical\" href=\"https:\/\/www.serwiscodzienny.pl\/?p=590\" \/>\n<meta property=\"og:locale\" content=\"pl_PL\" \/>\n<meta property=\"og:type\" content=\"article\" \/>\n<meta property=\"og:title\" content=\"Kontrterrory\u015bci w Bieszczadach - Serwis Codzienny\" \/>\n<meta property=\"og:description\" content=\"30 funkcjonariuszy z pododdzia\u0142\u00f3w kontrterrorystycznych Policji doskonali\u0142o w Bieszczadach umiej\u0119tno\u015bci prowadzenia dzia\u0142a\u0144 w terenie otwartym i niezurbanizowanym. Szkolenie z zakresu tzw. zielonej taktyki, kt\u00f3rego organizatorem by\u0142 Samodzielny Pododdzia\u0142 Kontrterrorystyczny Policji w Rzeszowie, odby\u0142o si\u0119 w ramach projektu \u201eNowe wyzwania \u2013 skuteczne dzia\u0142ania \u2013 podnoszenie kompetencji Policji w zakresie zwalczania przest\u0119pczo\u015bci zorganizowanej\u201d, dofinansowanego ze \u015brodk\u00f3w Funduszu Bezpiecze\u0144stwa Wewn\u0119trznego na lata 2021-2027.\" \/>\n<meta property=\"og:url\" content=\"https:\/\/www.serwiscodzienny.pl\/?p=590\" \/>\n<meta property=\"og:site_name\" content=\"Serwis Codzienny\" \/>\n<meta property=\"article:published_time\" content=\"2026-09-03T13:59:56+00:00\" \/>\n<meta property=\"og:image\" content=\"https:\/\/www.serwiscodzienny.pl\/wp-content\/uploads\/2026\/09\/303-383933.jpg\" \/>\n\t<meta property=\"og:image:width\" content=\"1200\" \/>\n\t<meta property=\"og:image:height\" content=\"800\" \/>\n\t<meta property=\"og:image:type\" content=\"image\/jpeg\" \/>\n<meta name=\"author\" content=\"admin\" \/>\n<meta name=\"twitter:card\" content=\"summary_large_image\" \/>\n<meta name=\"twitter:label1\" content=\"Napisane przez\" \/>\n\t<meta name=\"twitter:data1\" content=\"admin\" \/>\n\t<meta name=\"twitter:label2\" content=\"Szacowany czas czytania\" \/>\n\t<meta name=\"twitter:data2\" content=\"2 minuty\" \/>\n<script type=\"application\/ld+json\" class=\"yoast-schema-graph\">{\"@context\":\"https:\\\/\\\/schema.org\",\"@graph\":[{\"@type\":\"Article\",\"@id\":\"https:\\\/\\\/www.serwiscodzienny.pl\\\/?p=590#article\",\"isPartOf\":{\"@id\":\"https:\\\/\\\/www.serwiscodzienny.pl\\\/?p=590\"},\"author\":{\"name\":\"admin\",\"@id\":\"http:\\\/\\\/www.serwiscodzienny.pl\\\/#\\\/schema\\\/person\\\/026f742d984089935a1d791eebae268d\"},\"headline\":\"Kontrterrory\u015bci w Bieszczadach\",\"datePublished\":\"2026-09-03T13:59:56+00:00\",\"mainEntityOfPage\":{\"@id\":\"https:\\\/\\\/www.serwiscodzienny.pl\\\/?p=590\"},\"wordCount\":311,\"commentCount\":0,\"publisher\":{\"@id\":\"http:\\\/\\\/www.serwiscodzienny.pl\\\/#organization\"},\"image\":{\"@id\":\"https:\\\/\\\/www.serwiscodzienny.pl\\\/?p=590#primaryimage\"},\"thumbnailUrl\":\"https:\\\/\\\/www.serwiscodzienny.pl\\\/wp-content\\\/uploads\\\/2026\\\/09\\\/303-383933.jpg\",\"articleSection\":[\"Region\"],\"inLanguage\":\"pl-PL\",\"potentialAction\":[{\"@type\":\"CommentAction\",\"name\":\"Comment\",\"target\":[\"https:\\\/\\\/www.serwiscodzienny.pl\\\/?p=590#respond\"]}]},{\"@type\":\"WebPage\",\"@id\":\"https:\\\/\\\/www.serwiscodzienny.pl\\\/?p=590\",\"url\":\"https:\\\/\\\/www.serwiscodzienny.pl\\\/?p=590\",\"name\":\"Kontrterrory\u015bci w Bieszczadach - Serwis Codzienny\",\"isPartOf\":{\"@id\":\"http:\\\/\\\/www.serwiscodzienny.pl\\\/#website\"},\"primaryImageOfPage\":{\"@id\":\"https:\\\/\\\/www.serwiscodzienny.pl\\\/?p=590#primaryimage\"},\"image\":{\"@id\":\"https:\\\/\\\/www.serwiscodzienny.pl\\\/?p=590#primaryimage\"},\"thumbnailUrl\":\"https:\\\/\\\/www.serwiscodzienny.pl\\\/wp-content\\\/uploads\\\/2026\\\/09\\\/303-383933.jpg\",\"datePublished\":\"2026-09-03T13:59:56+00:00\",\"breadcrumb\":{\"@id\":\"https:\\\/\\\/www.serwiscodzienny.pl\\\/?p=590#breadcrumb\"},\"inLanguage\":\"pl-PL\",\"potentialAction\":[{\"@type\":\"ReadAction\",\"target\":[\"https:\\\/\\\/www.serwiscodzienny.pl\\\/?p=590\"]}]},{\"@type\":\"ImageObject\",\"inLanguage\":\"pl-PL\",\"@id\":\"https:\\\/\\\/www.serwiscodzienny.pl\\\/?p=590#primaryimage\",\"url\":\"https:\\\/\\\/www.serwiscodzienny.pl\\\/wp-content\\\/uploads\\\/2026\\\/09\\\/303-383933.jpg\",\"contentUrl\":\"https:\\\/\\\/www.serwiscodzienny.pl\\\/wp-content\\\/uploads\\\/2026\\\/09\\\/303-383933.jpg\",\"width\":1200,\"height\":800},{\"@type\":\"BreadcrumbList\",\"@id\":\"https:\\\/\\\/www.serwiscodzienny.pl\\\/?p=590#breadcrumb\",\"itemListElement\":[{\"@type\":\"ListItem\",\"position\":1,\"name\":\"Strona g\u0142\u00f3wna\",\"item\":\"http:\\\/\\\/www.serwiscodzienny.pl\\\/\"},{\"@type\":\"ListItem\",\"position\":2,\"name\":\"Kontrterrory\u015bci w Bieszczadach\"}]},{\"@type\":\"WebSite\",\"@id\":\"http:\\\/\\\/www.serwiscodzienny.pl\\\/#website\",\"url\":\"http:\\\/\\\/www.serwiscodzienny.pl\\\/\",\"name\":\"Serwis Codzienny\",\"description\":\"\",\"publisher\":{\"@id\":\"http:\\\/\\\/www.serwiscodzienny.pl\\\/#organization\"},\"potentialAction\":[{\"@type\":\"SearchAction\",\"target\":{\"@type\":\"EntryPoint\",\"urlTemplate\":\"http:\\\/\\\/www.serwiscodzienny.pl\\\/?s={search_term_string}\"},\"query-input\":{\"@type\":\"PropertyValueSpecification\",\"valueRequired\":true,\"valueName\":\"search_term_string\"}}],\"inLanguage\":\"pl-PL\"},{\"@type\":\"Organization\",\"@id\":\"http:\\\/\\\/www.serwiscodzienny.pl\\\/#organization\",\"name\":\"Serwis Codzienny\",\"url\":\"http:\\\/\\\/www.serwiscodzienny.pl\\\/\",\"logo\":{\"@type\":\"ImageObject\",\"inLanguage\":\"pl-PL\",\"@id\":\"http:\\\/\\\/www.serwiscodzienny.pl\\\/#\\\/schema\\\/logo\\\/image\\\/\",\"url\":\"https:\\\/\\\/www.serwiscodzienny.pl\\\/wp-content\\\/uploads\\\/2026\\\/05\\\/cropped-Copilot_20260506_232159.png\",\"contentUrl\":\"https:\\\/\\\/www.serwiscodzienny.pl\\\/wp-content\\\/uploads\\\/2026\\\/05\\\/cropped-Copilot_20260506_232159.png\",\"width\":1219,\"height\":337,\"caption\":\"Serwis Codzienny\"},\"image\":{\"@id\":\"http:\\\/\\\/www.serwiscodzienny.pl\\\/#\\\/schema\\\/logo\\\/image\\\/\"}},{\"@type\":\"Person\",\"@id\":\"http:\\\/\\\/www.serwiscodzienny.pl\\\/#\\\/schema\\\/person\\\/026f742d984089935a1d791eebae268d\",\"name\":\"admin\",\"image\":{\"@type\":\"ImageObject\",\"inLanguage\":\"pl-PL\",\"@id\":\"https:\\\/\\\/secure.gravatar.com\\\/avatar\\\/bfeb187720c171fc28fcafc4fc871fe63d6762d149678323a68a486b56259a72?s=96&d=mm&r=g\",\"url\":\"https:\\\/\\\/secure.gravatar.com\\\/avatar\\\/bfeb187720c171fc28fcafc4fc871fe63d6762d149678323a68a486b56259a72?s=96&d=mm&r=g\",\"contentUrl\":\"https:\\\/\\\/secure.gravatar.com\\\/avatar\\\/bfeb187720c171fc28fcafc4fc871fe63d6762d149678323a68a486b56259a72?s=96&d=mm&r=g\",\"caption\":\"admin\"},\"sameAs\":[\"http:\\\/\\\/www.serwiscodzienny.pl\"],\"url\":\"https:\\\/\\\/www.serwiscodzienny.pl\\\/?author=1\"}]}<\/script>\n<!-- \/ Yoast SEO plugin. -->","yoast_head_json":{"title":"Kontrterrory\u015bci w Bieszczadach - Serwis Codzienny","robots":{"index":"index","follow":"follow","max-snippet":"max-snippet:-1","max-image-preview":"max-image-preview:large","max-video-preview":"max-video-preview:-1"},"canonical":"https:\/\/www.serwiscodzienny.pl\/?p=590","og_locale":"pl_PL","og_type":"article","og_title":"Kontrterrory\u015bci w Bieszczadach - Serwis Codzienny","og_description":"30 funkcjonariuszy z pododdzia\u0142\u00f3w kontrterrorystycznych Policji doskonali\u0142o w Bieszczadach umiej\u0119tno\u015bci prowadzenia dzia\u0142a\u0144 w terenie otwartym i niezurbanizowanym. Szkolenie z zakresu tzw. zielonej taktyki, kt\u00f3rego organizatorem by\u0142 Samodzielny Pododdzia\u0142 Kontrterrorystyczny Policji w Rzeszowie, odby\u0142o si\u0119 w ramach projektu \u201eNowe wyzwania \u2013 skuteczne dzia\u0142ania \u2013 podnoszenie kompetencji Policji w zakresie zwalczania przest\u0119pczo\u015bci zorganizowanej\u201d, dofinansowanego ze \u015brodk\u00f3w Funduszu Bezpiecze\u0144stwa Wewn\u0119trznego na lata 2021-2027.","og_url":"https:\/\/www.serwiscodzienny.pl\/?p=590","og_site_name":"Serwis Codzienny","article_published_time":"2026-09-03T13:59:56+00:00","og_image":[{"width":1200,"height":800,"url":"https:\/\/www.serwiscodzienny.pl\/wp-content\/uploads\/2026\/09\/303-383933.jpg","type":"image\/jpeg"}],"author":"admin","twitter_card":"summary_large_image","twitter_misc":{"Napisane przez":"admin","Szacowany czas czytania":"2 minuty"},"schema":{"@context":"https:\/\/schema.org","@graph":[{"@type":"Article","@id":"https:\/\/www.serwiscodzienny.pl\/?p=590#article","isPartOf":{"@id":"https:\/\/www.serwiscodzienny.pl\/?p=590"},"author":{"name":"admin","@id":"http:\/\/www.serwiscodzienny.pl\/#\/schema\/person\/026f742d984089935a1d791eebae268d"},"headline":"Kontrterrory\u015bci w Bieszczadach","datePublished":"2026-09-03T13:59:56+00:00","mainEntityOfPage":{"@id":"https:\/\/www.serwiscodzienny.pl\/?p=590"},"wordCount":311,"commentCount":0,"publisher":{"@id":"http:\/\/www.serwiscodzienny.pl\/#organization"},"image":{"@id":"https:\/\/www.serwiscodzienny.pl\/?p=590#primaryimage"},"thumbnailUrl":"https:\/\/www.serwiscodzienny.pl\/wp-content\/uploads\/2026\/09\/303-383933.jpg","articleSection":["Region"],"inLanguage":"pl-PL","potentialAction":[{"@type":"CommentAction","name":"Comment","target":["https:\/\/www.serwiscodzienny.pl\/?p=590#respond"]}]},{"@type":"WebPage","@id":"https:\/\/www.serwiscodzienny.pl\/?p=590","url":"https:\/\/www.serwiscodzienny.pl\/?p=590","name":"Kontrterrory\u015bci w Bieszczadach - Serwis Codzienny","isPartOf":{"@id":"http:\/\/www.serwiscodzienny.pl\/#website"},"primaryImageOfPage":{"@id":"https:\/\/www.serwiscodzienny.pl\/?p=590#primaryimage"},"image":{"@id":"https:\/\/www.serwiscodzienny.pl\/?p=590#primaryimage"},"thumbnailUrl":"https:\/\/www.serwiscodzienny.pl\/wp-content\/uploads\/2026\/09\/303-383933.jpg","datePublished":"2026-09-03T13:59:56+00:00","breadcrumb":{"@id":"https:\/\/www.serwiscodzienny.pl\/?p=590#breadcrumb"},"inLanguage":"pl-PL","potentialAction":[{"@type":"ReadAction","target":["https:\/\/www.serwiscodzienny.pl\/?p=590"]}]},{"@type":"ImageObject","inLanguage":"pl-PL","@id":"https:\/\/www.serwiscodzienny.pl\/?p=590#primaryimage","url":"https:\/\/www.serwiscodzienny.pl\/wp-content\/uploads\/2026\/09\/303-383933.jpg","contentUrl":"https:\/\/www.serwiscodzienny.pl\/wp-content\/uploads\/2026\/09\/303-383933.jpg","width":1200,"height":800},{"@type":"BreadcrumbList","@id":"https:\/\/www.serwiscodzienny.pl\/?p=590#breadcrumb","itemListElement":[{"@type":"ListItem","position":1,"name":"Strona g\u0142\u00f3wna","item":"http:\/\/www.serwiscodzienny.pl\/"},{"@type":"ListItem","position":2,"name":"Kontrterrory\u015bci w Bieszczadach"}]},{"@type":"WebSite","@id":"http:\/\/www.serwiscodzienny.pl\/#website","url":"http:\/\/www.serwiscodzienny.pl\/","name":"Serwis Codzienny","description":"","publisher":{"@id":"http:\/\/www.serwiscodzienny.pl\/#organization"},"potentialAction":[{"@type":"SearchAction","target":{"@type":"EntryPoint","urlTemplate":"http:\/\/www.serwiscodzienny.pl\/?s={search_term_string}"},"query-input":{"@type":"PropertyValueSpecification","valueRequired":true,"valueName":"search_term_string"}}],"inLanguage":"pl-PL"},{"@type":"Organization","@id":"http:\/\/www.serwiscodzienny.pl\/#organization","name":"Serwis Codzienny","url":"http:\/\/www.serwiscodzienny.pl\/","logo":{"@type":"ImageObject","inLanguage":"pl-PL","@id":"http:\/\/www.serwiscodzienny.pl\/#\/schema\/logo\/image\/","url":"https:\/\/www.serwiscodzienny.pl\/wp-content\/uploads\/2026\/05\/cropped-Copilot_20260506_232159.png","contentUrl":"https:\/\/www.serwiscodzienny.pl\/wp-content\/uploads\/2026\/05\/cropped-Copilot_20260506_232159.png","width":1219,"height":337,"caption":"Serwis Codzienny"},"image":{"@id":"http:\/\/www.serwiscodzienny.pl\/#\/schema\/logo\/image\/"}},{"@type":"Person","@id":"http:\/\/www.serwiscodzienny.pl\/#\/schema\/person\/026f742d984089935a1d791eebae268d","name":"admin","image":{"@type":"ImageObject","inLanguage":"pl-PL","@id":"https:\/\/secure.gravatar.com\/avatar\/bfeb187720c171fc28fcafc4fc871fe63d6762d149678323a68a486b56259a72?s=96&d=mm&r=g","url":"https:\/\/secure.gravatar.com\/avatar\/bfeb187720c171fc28fcafc4fc871fe63d6762d149678323a68a486b56259a72?s=96&d=mm&r=g","contentUrl":"https:\/\/secure.gravatar.com\/avatar\/bfeb187720c171fc28fcafc4fc871fe63d6762d149678323a68a486b56259a72?s=96&d=mm&r=g","caption":"admin"},"sameAs":["http:\/\/www.serwiscodzienny.pl"],"url":"https:\/\/www.serwiscodzienny.pl\/?author=1"}]}},"_links":{"self":[{"href":"https:\/\/www.serwiscodzienny.pl\/index.php?rest_route=\/wp\/v2\/posts\/590","targetHints":{"allow":["GET"]}}],"collection":[{"href":"https:\/\/www.serwiscodzienny.pl\/index.php?rest_route=\/wp\/v2\/posts"}],"about":[{"href":"https:\/\/www.serwiscodzienny.pl\/index.php?rest_route=\/wp\/v2\/types\/post"}],"author":[{"embeddable":true,"href":"https:\/\/www.serwiscodzienny.pl\/index.php?rest_route=\/wp\/v2\/users\/1"}],"replies":[{"embeddable":true,"href":"https:\/\/www.serwiscodzienny.pl\/index.php?rest_route=%2Fwp%2Fv2%2Fcomments&post=590"}],"version-history":[{"count":1,"href":"https:\/\/www.serwiscodzienny.pl\/index.php?rest_route=\/wp\/v2\/posts\/590\/revisions"}],"predecessor-version":[{"id":592,"href":"https:\/\/www.serwiscodzienny.pl\/index.php?rest_route=\/wp\/v2\/posts\/590\/revisions\/592"}],"wp:featuredmedia":[{"embeddable":true,"href":"https:\/\/www.serwiscodzienny.pl\/index.php?rest_route=\/wp\/v2\/media\/591"}],"wp:attachment":[{"href":"https:\/\/www.serwiscodzienny.pl\/index.php?rest_route=%2Fwp%2Fv2%2Fmedia&parent=590"}],"wp:term":[{"taxonomy":"category","embeddable":true,"href":"https:\/\/www.serwiscodzienny.pl\/index.php?rest_route=%2Fwp%2Fv2%2Fcategories&post=590"},{"taxonomy":"post_tag","embeddable":true,"href":"https:\/\/www.serwiscodzienny.pl\/index.php?rest_route=%2Fwp%2Fv2%2Ftags&post=590"}],"curies":[{"name":"wp","href":"https:\/\/api.w.org\/{rel}","templated":true}]}}