{"id":584,"date":"2026-09-03T13:54:09","date_gmt":"2026-09-03T13:54:09","guid":{"rendered":"https:\/\/www.serwiscodzienny.pl\/?p=584"},"modified":"2026-09-03T13:54:10","modified_gmt":"2026-09-03T13:54:10","slug":"ogolnopolska-kampania-na-rzecz-zdrowia-polakow","status":"publish","type":"post","link":"https:\/\/www.serwiscodzienny.pl\/?p=584","title":{"rendered":"Og\u00f3lnopolska kampania na rzecz zdrowia Polak\u00f3w"},"content":{"rendered":"\n<h1 class=\"wp-block-heading\">Ministerstwo Zdrowia inauguruje wrzesie\u0144 miesi\u0105cem profilaktyki. Z tej okazji ruszy\u0142a kampania \u201eProfilaktyka &#8211; podaj dalej\u201d. Przy wsparciu innych resort\u00f3w, samorz\u0105d\u00f3w, instytucji publicznych, partner\u00f3w spo\u0142ecznych i \u015brodowiska medycznego b\u0119dzie zach\u0119ca\u0107 Polki i Polak\u00f3w do bada\u0144 profilaktycznych.<\/h1>\n\n\n\n<p class=\"wp-block-paragraph\"><strong>\u201eProfilaktyka \u2013 podaj dalej\u201d \u2013 ruszy\u0142a og\u00f3lnopolska kampania na rzecz zdrowia Polak\u00f3w<\/strong><\/p>\n\n\n\n<blockquote class=\"wp-block-quote is-layout-flow wp-block-quote-is-layout-flow\">\n<p class=\"wp-block-paragraph\">\u2013&nbsp;<em>Chcemy budowa\u0107 \u015bwiadomo\u015b\u0107, \u017ce badania profilaktyczne nie s\u0105 wymagaj\u0105ce. Wystarczy zrobi\u0107 pierwszy krok \u2013 sprawdzi\u0107 dost\u0119pne badania i um\u00f3wi\u0107 termin wizyty. Opr\u00f3cz tego, \u017ce sami b\u0119dziemy przyk\u0142ada\u0107 wag\u0119 do regularnych bada\u0144, warto aby\u015bmy u\u015bwiadamiali i namawiali do tego naszych bliskich \u2013 rodzin\u0119, przyjaci\u00f3\u0142, wsp\u00f3\u0142pracownik\u00f3w. Najlepszym prezentem, jaki mo\u017cemy podarowa\u0107 drugiej osobie, jest troska o jej zdrowie. Czasem wystarczy przypomnie\u0107 o badaniu, poinformowa\u0107 o programie profilaktycznym albo zach\u0119ci\u0107 blisk\u0105 osob\u0119 do um\u00f3wienia wizyty. Taki prosty gest mo\u017ce mie\u0107 naprawd\u0119 du\u017ce znaczenie<\/em>&nbsp;\u2013 przekonuje minister zdrowia Jolanta Sobiera\u0144ska-Grenda.<\/p>\n<\/blockquote>\n\n\n\n<p class=\"wp-block-paragraph\">Cho\u0107 dost\u0119p do bada\u0144 profilaktycznych jest coraz prostszy, ich skala ci\u0105gle jest niezadowalaj\u0105ca. W ci\u0105gu ostatnich dw\u00f3ch lat z programu profilaktyki raka piersi skorzysta\u0142o&nbsp;<strong>32,77 proc. uprawnionych kobiet&nbsp;<\/strong>(bezp\u0142atna mammografia przys\u0142uguje kobietom od 45. roku \u017cycia), a z programu profilaktyki raka szyjki macicy, wykorzystuj\u0105cego test HPV HR zaledwie&nbsp;<strong>15,22 proc.&nbsp;<\/strong>Na badania te mo\u017cna zapisa\u0107 si\u0119 m. in. przez aplikacj\u0119 MojeIKP. W sierpniu 2026 r. w moim IKP dost\u0119pnych by\u0142o ponad&nbsp;<strong>384 tys. termin\u00f3w mammografii<\/strong>&nbsp;i ponad&nbsp;<strong>445 tys. termin\u00f3w bada\u0144 HPV HR<\/strong>.<\/p>\n\n\n\n<p class=\"wp-block-paragraph\">Na program bada\u0144 przesiewowych raka jelita grubego z wykorzystaniem&nbsp;<strong>kolonoskopii<\/strong>, kt\u00f3ry jest skierowany zar\u00f3wno do kobiet, jak i do m\u0119\u017cczyzn w 2025 roku zg\u0142osi\u0142o si\u0119 ok 15 % uprawnionych do badania.<\/p>\n\n\n\n<p class=\"wp-block-paragraph\">Kampania \u201eProfilaktyka \u2013 podaj dalej\u201d ma przekona\u0107, \u017ce badania profilaktyczne s\u0105 elementem codziennej troski o zdrowie \u2013 obok aktywno\u015bci fizycznej, zdrowego od\u017cywiania czy szczepie\u0144. To tak\u017ce najlepszy spos\u00f3b na wczesne wykrycie ewentualnej choroby, co w konsekwencji da wi\u0119ksz\u0105 mo\u017cliwo\u015b\u0107 skutecznego leczenia i szybszego powrotu do zdrowia.<\/p>\n\n\n\n<p class=\"wp-block-paragraph\"><strong>Ponad 500 wydarze\u0144 i akcji zdrowotnych w ca\u0142ej Polsce<\/strong><\/p>\n\n\n\n<p class=\"wp-block-paragraph\">Mieszka\u0144cy ca\u0142ego kraju zobacz\u0105 przekazy kampanii \u201eProfilaktyka \u2013 podaj dalej\u201d w telewizji, na billboardach, no\u015bnikach cyfrowych oraz na stacjach warszawskiego metra.<\/p>\n\n\n\n<p class=\"wp-block-paragraph\">W o\u015bmiu miastach w Polsce zrealizowane zostan\u0105 akcje, zach\u0119caj\u0105ce do zainteresowania si\u0119 profilaktyk\u0105 zdrowotn\u0105 i skorzystania z dost\u0119pnych bada\u0144.<\/p>\n\n\n\n<p class=\"wp-block-paragraph\">W ca\u0142ej Polsce we wrze\u015bniu odb\u0119dzie si\u0119 ponad 500 wydarze\u0144 i akcji zdrowotnych, podczas kt\u00f3rych uczestnicy b\u0119d\u0105 mogli dowiedzie\u0107 si\u0119 wi\u0119cej o profilaktyce, dost\u0119pnych programach i badaniach, a tak\u017ce porozmawia\u0107 ze specjalistami.<\/p>\n\n\n\n<p class=\"wp-block-paragraph\">Zaplanowano te\u017c pod\u015bwietlenia i specjalne ekspozycje w charakterystycznych obiektach w ca\u0142ym kraju. Na pomara\u0144czowo pod\u015bwietlone zostan\u0105: Stadion \u015al\u0105ski w Chorzowie, Spodek w Katowicach, Tarczy\u0144ski Arena Wroc\u0142aw, Pa\u0142ac Kultury i Nauki w Warszawie, za\u015b na PGE Narodowym w Warszawie 2 wrze\u015bnia pojawi si\u0119 napis #Profilaktyka, a na Atlas Arenie w \u0141odzi wy\u015bwietlony zostanie materia\u0142 graficzny kampanii. Do akcji w\u0142\u0105cz\u0105 si\u0119 r\u00f3wnie\u017c Arena Gliwice PreZero i Tauron Arena Wroc\u0142aw.<\/p>\n\n\n\n<p class=\"wp-block-paragraph\">Kampania ma r\u00f3wnie\u017c swoj\u0105 maskotk\u0119 \u2013&nbsp;<strong>Profisia,<\/strong>&nbsp;czyli ambasadora profilaktyki i symbol troski o zdrowie oraz idei przekazywania dalej wiedzy i informacji, kt\u00f3re mog\u0105 pom\u00f3c bliskim zadba\u0107 o w\u0142asne zdrowie.<\/p>\n\n\n\n<p class=\"wp-block-paragraph\"><strong>Razem dla profilaktyki<\/strong><\/p>\n\n\n\n<p class=\"wp-block-paragraph\">\u201eProfilaktyka \u2013 podaj dalej\u201d to wsp\u00f3lne przedsi\u0119wzi\u0119cie, w kt\u00f3re w\u0142\u0105czy\u0142y si\u0119 kolejne ministerstwa, samorz\u0105dy, instytucje publiczne, sp\u00f3\u0142ki Skarbu Pa\u0144stwa i partnerzy zewn\u0119trzni.<\/p>\n\n\n\n<p class=\"wp-block-paragraph\"><strong>2 wrze\u015bnia minister zdrowia podpisa\u0142a porozumienie o wsp\u00f3\u0142pracy na rzecz profilaktyki z ministrem sportu i turystyki oraz ministrem edukacji. To kolejne porozumienie wzmacniaj\u0105ce wsp\u00f3lne dzia\u0142ania na rzecz zdrowia \u2013 wcze\u015bniej Ministerstwo Zdrowia podpisa\u0142o je z Ministerstwem Infrastruktury oraz Ministerstwem Aktyw\u00f3w Pa\u0144stwowych.<\/strong><\/p>\n\n\n\n<p class=\"wp-block-paragraph\">W ramach porozumienia partnerzy b\u0119d\u0105 wykorzystywa\u0107 w\u0142asne kana\u0142y komunikacji do promocji profilaktyki.<\/p>\n\n\n\n<p class=\"wp-block-paragraph\">W dzia\u0142ania zaanga\u017cuj\u0105 si\u0119 r\u00f3wnie\u017c sp\u00f3\u0142ki Skarbu Pa\u0144stwa i instytucje infrastrukturalne, wykorzystuj\u0105c w\u0142asne kana\u0142y dotarcia do milion\u00f3w odbiorc\u00f3w. Do kampanii \u201eProfilaktyka \u2013 podaj dalej\u201d w\u0142\u0105czaj\u0105 si\u0119 m.in. ORLEN S.A., PGE Polska Grupa Energetyczna S.A., ENEA S.A., TAURON Polska Energia S.A., PKO Bank Polski S.A., Poczta Polska S.A., PZU \u017bycie S.A., PZU Zdrowie S.A., Polski Holding Nieruchomo\u015bci S.A., Krajowa Grupa Spo\u017cywcza S.A., Polska Grupa Zbrojeniowa S.A., Polski Holding Hotelowy sp. z o.o., PKP Polskie Linie Kolejowe S.A., PKP Intercity S.A., Polskie Porty Lotnicze S.A. oraz Generalna Dyrekcja Dr\u00f3g Krajowych i Autostrad. Szczeg\u00f3lnym elementem wsp\u00f3\u0142pracy b\u0119dzie przygotowanie przez Poczt\u0119 Polsk\u0105 specjalnej edycji znaczka pocztowego po\u015bwi\u0119conego profilaktyce zdrowotnej.<\/p>\n\n\n\n<p class=\"wp-block-paragraph\">Ambasadorami kampanii zostali: Katarzyna Dowbor, Anna Karwan, Tomasz Majewski.<\/p>\n\n\n\n<p class=\"wp-block-paragraph\"><strong>\u201eMoje Zdrowie\u201d i mojeIKP \u2013 profilaktyka na wyci\u0105gni\u0119cie r\u0119ki<\/strong><\/p>\n\n\n\n<p class=\"wp-block-paragraph\">Dost\u0119p do bada\u0144 profilaktycznych nigdy nie by\u0142 tak prosty jak dzisiaj. Nie trzeba i\u015b\u0107 do przychodni, \u017ceby zapisa\u0107 si\u0119 na badania. Wystarczy w swoim telefonie zainstalowa\u0107 aplikacj\u0119 MojeIKP lub wej\u015b\u0107 na stron\u0119 Internetowe Konto Pacjenta. Dzi\u0119ki niej w prosty spos\u00f3b w\u0142\u0105czymy si\u0119 do programu \u201e<strong>Moje Zdrowie\u201d<\/strong>.<\/p>\n\n\n\n<p class=\"wp-block-paragraph\">Program skierowany jest do os\u00f3b od 20. roku \u017cycia. Mo\u017cna bezp\u0142atnie wykona\u0107 bilans zdrowia, rozpoczynaj\u0105c od ankiety. Po przetworzeniu ankiety przychodnia POZ wystawi skierowanie na badania laboratoryjne, kt\u00f3re nast\u0119pnie pacjent om\u00f3wi z personelem medycznym i otrzyma Indywidualny Plan Zdrowotny.<\/p>\n\n\n\n<p class=\"wp-block-paragraph\">Cyfrowa profilaktyka ma coraz wi\u0119ksze znaczenie. Z aplikacji&nbsp;<strong>mojeIKP korzysta ju\u017c ponad 5,5 mln os\u00f3b<\/strong>, a sekcja \u201eProfilaktyka\u201d nale\u017cy do jednej z najcz\u0119\u015bciej odwiedzanych. To w\u0142a\u015bnie tam u\u017cytkownicy mog\u0105 znale\u017a\u0107 informacje o dost\u0119pnych \u015bwiadczeniach i korzysta\u0107 z wybranych mo\u017cliwo\u015bci centralnej e-rejestracji.<\/p>\n\n\n\n<p class=\"wp-block-paragraph\"><strong>\u201e10 dla Zdrowia\u201d: profilaktyka chor\u00f3b serca zaczyna si\u0119 wcze\u015bniej<\/strong><\/p>\n\n\n\n<p class=\"wp-block-paragraph\">W kampanii wa\u017cne miejsce zajmuje tak\u017ce&nbsp;<strong>\u201e10 dla Zdrowia\u201d.&nbsp;<\/strong>To ankieta, kt\u00f3ra r\u00f3wnie\u017c ju\u017c dost\u0119pna w aplikacji. Koncentruje si\u0119 ona na modyfikowalnych czynnikach ryzyka chor\u00f3b sercowo-naczyniowych i ma pomaga\u0107 w podejmowaniu konkretnych dzia\u0142a\u0144 na rzecz zdrowia.<\/p>\n\n\n\n<p class=\"wp-block-paragraph\">Jak podkre\u015bla prof. Piotr Dobrowolski, choroby sercowo-naczyniowe pozostaj\u0105 jedn\u0105 z najwa\u017cniejszych przyczyn przedwczesnej utraty sprawno\u015bci i zgon\u00f3w. W 2023 r. odpowiada\u0142y za 36,9 proc. wszystkich zgon\u00f3w. Jednocze\u015bnie znaczna cz\u0119\u015b\u0107 przedwczesnych zdarze\u0144 sercowo-naczyniowych jest potencjalnie mo\u017cliwa do unikni\u0119cia poprzez ograniczenie czynnik\u00f3w ryzyka.<\/p>\n\n\n\n<p class=\"wp-block-paragraph\">\u201e10 dla Zdrowia\u201d \u0142\u0105czy m.in. monitorowanie ci\u015bnienia t\u0119tniczego, cholesterolu i glikemii z dzia\u0142aniami dotycz\u0105cymi aktywno\u015bci fizycznej, diety, masy cia\u0142a i palenia tytoniu. Ka\u017cda poprawa parametr\u00f3w zdrowotnych i stylu \u017cycia ma znaczenie, a wczesne wykrywanie nieprawid\u0142owo\u015bci pozwala odpowiednio wcze\u015bnie reagowa\u0107.<\/p>\n\n\n\n<p class=\"wp-block-paragraph\"><strong>Serce, m\u00f3zg i nowotwory \u2013 wsp\u00f3lna sprawa<\/strong><\/p>\n\n\n\n<p class=\"wp-block-paragraph\">Do szerokiego spojrzenia na profilaktyk\u0119 przekonuj\u0105 Polskie Towarzystwo Kardiologiczne, Polskie Towarzystwo Onkologiczne i Polskie Towarzystwo Neurologiczne. Choroby sercowo-naczyniowe, nowotwory i choroby neurologiczne odpowiadaj\u0105 za znaczn\u0105 cz\u0119\u015b\u0107 zgon\u00f3w<br>i niepe\u0142nosprawno\u015bci, a wiele czynnik\u00f3w ryzyka jest wsp\u00f3lnych i mo\u017cliwych do modyfikacji.<\/p>\n\n\n\n<p class=\"wp-block-paragraph\">Prof. Piotr Rutkowski zwraca uwag\u0119, \u017ce profilaktyka powinna by\u0107 jednym z fundament\u00f3w polityki zdrowotnej. A\u017c 80 proc. nowotwor\u00f3w wi\u0105\u017ce si\u0119 z zewn\u0119trznymi, w du\u017cej mierze zwi\u0105zanymi ze stylem \u017cycia, czynnikami ryzyka. Dlatego potrzebne s\u0105 dzia\u0142ania, kt\u00f3re u\u0142atwiaj\u0105 zdrowe wybory, zwi\u0119kszaj\u0105 dost\u0119p do bada\u0144 przesiewowych i pozwol\u0105 wcze\u015bniej rozpoznawa\u0107 ryzyko.<\/p>\n\n\n\n<p class=\"wp-block-paragraph\"><strong>Nowe mo\u017cliwo\u015bci profilaktyki \u2013 kolejne badania dost\u0119pne dla pacjent\u00f3w<\/strong><\/p>\n\n\n\n<p class=\"wp-block-paragraph\">Oferta bada\u0144 profilaktycznych stale si\u0119 rozszerza. Od 1 pa\u017adziernika do koszyka \u015bwiadcze\u0144 gwarantowanych NFZ trafi og\u00f3lnopolski program wczesnego wykrywania raka p\u0142uca z wykorzystaniem niskodawkowej tomografii komputerowej (NDTK). Program jest skierowany do os\u00f3b z grup ryzyka (pal\u0105cych papierosy) w wieku od 55 do 74 lat.<\/p>\n","protected":false},"excerpt":{"rendered":"<p>Ministerstwo Zdrowia inauguruje wrzesie\u0144 miesi\u0105cem profilaktyki. Z tej okazji ruszy\u0142a kampania \u201eProfilaktyka &#8211; podaj dalej\u201d. Przy wsparciu innych resort\u00f3w, samorz\u0105d\u00f3w, instytucji publicznych, partner\u00f3w spo\u0142ecznych i \u015brodowiska medycznego b\u0119dzie zach\u0119ca\u0107 Polki i Polak\u00f3w do bada\u0144 profilaktycznych.<\/p>\n","protected":false},"author":1,"featured_media":585,"comment_status":"open","ping_status":"open","sticky":false,"template":"","format":"standard","meta":{"footnotes":""},"categories":[20],"tags":[],"class_list":["post-584","post","type-post","status-publish","format-standard","has-post-thumbnail","hentry","category-rzeszow-2"],"yoast_head":"<!-- This site is optimized with the Yoast SEO plugin v28.4 - https:\/\/yoast.com\/product\/yoast-seo-wordpress\/ -->\n<title>Og\u00f3lnopolska kampania na rzecz zdrowia Polak\u00f3w - Serwis Codzienny<\/title>\n<meta name=\"robots\" content=\"index, follow, max-snippet:-1, max-image-preview:large, max-video-preview:-1\" \/>\n<link rel=\"canonical\" href=\"https:\/\/www.serwiscodzienny.pl\/?p=584\" \/>\n<meta property=\"og:locale\" content=\"pl_PL\" \/>\n<meta property=\"og:type\" content=\"article\" \/>\n<meta property=\"og:title\" content=\"Og\u00f3lnopolska kampania na rzecz zdrowia Polak\u00f3w - Serwis Codzienny\" \/>\n<meta property=\"og:description\" content=\"Ministerstwo Zdrowia inauguruje wrzesie\u0144 miesi\u0105cem profilaktyki. Z tej okazji ruszy\u0142a kampania \u201eProfilaktyka - podaj dalej\u201d. Przy wsparciu innych resort\u00f3w, samorz\u0105d\u00f3w, instytucji publicznych, partner\u00f3w spo\u0142ecznych i \u015brodowiska medycznego b\u0119dzie zach\u0119ca\u0107 Polki i Polak\u00f3w do bada\u0144 profilaktycznych.\" \/>\n<meta property=\"og:url\" content=\"https:\/\/www.serwiscodzienny.pl\/?p=584\" \/>\n<meta property=\"og:site_name\" content=\"Serwis Codzienny\" \/>\n<meta property=\"article:published_time\" content=\"2026-09-03T13:54:09+00:00\" \/>\n<meta property=\"article:modified_time\" content=\"2026-09-03T13:54:10+00:00\" \/>\n<meta property=\"og:image\" content=\"https:\/\/www.serwiscodzienny.pl\/wp-content\/uploads\/2026\/09\/profuilaktyka_podaj_dalej-810x540-1.webp\" \/>\n\t<meta property=\"og:image:width\" content=\"810\" \/>\n\t<meta property=\"og:image:height\" content=\"540\" \/>\n\t<meta property=\"og:image:type\" content=\"image\/webp\" \/>\n<meta name=\"author\" content=\"admin\" \/>\n<meta name=\"twitter:card\" content=\"summary_large_image\" \/>\n<meta name=\"twitter:label1\" content=\"Napisane przez\" \/>\n\t<meta name=\"twitter:data1\" content=\"admin\" \/>\n\t<meta name=\"twitter:label2\" content=\"Szacowany czas czytania\" \/>\n\t<meta name=\"twitter:data2\" content=\"7 minut\" \/>\n<script type=\"application\/ld+json\" class=\"yoast-schema-graph\">{\"@context\":\"https:\\\/\\\/schema.org\",\"@graph\":[{\"@type\":\"Article\",\"@id\":\"https:\\\/\\\/www.serwiscodzienny.pl\\\/?p=584#article\",\"isPartOf\":{\"@id\":\"https:\\\/\\\/www.serwiscodzienny.pl\\\/?p=584\"},\"author\":{\"name\":\"admin\",\"@id\":\"http:\\\/\\\/www.serwiscodzienny.pl\\\/#\\\/schema\\\/person\\\/026f742d984089935a1d791eebae268d\"},\"headline\":\"Og\u00f3lnopolska kampania na rzecz zdrowia Polak\u00f3w\",\"datePublished\":\"2026-09-03T13:54:09+00:00\",\"dateModified\":\"2026-09-03T13:54:10+00:00\",\"mainEntityOfPage\":{\"@id\":\"https:\\\/\\\/www.serwiscodzienny.pl\\\/?p=584\"},\"wordCount\":1283,\"commentCount\":0,\"publisher\":{\"@id\":\"http:\\\/\\\/www.serwiscodzienny.pl\\\/#organization\"},\"image\":{\"@id\":\"https:\\\/\\\/www.serwiscodzienny.pl\\\/?p=584#primaryimage\"},\"thumbnailUrl\":\"https:\\\/\\\/www.serwiscodzienny.pl\\\/wp-content\\\/uploads\\\/2026\\\/09\\\/profuilaktyka_podaj_dalej-810x540-1.webp\",\"articleSection\":[\"Rzesz\u00f3w\"],\"inLanguage\":\"pl-PL\",\"potentialAction\":[{\"@type\":\"CommentAction\",\"name\":\"Comment\",\"target\":[\"https:\\\/\\\/www.serwiscodzienny.pl\\\/?p=584#respond\"]}]},{\"@type\":\"WebPage\",\"@id\":\"https:\\\/\\\/www.serwiscodzienny.pl\\\/?p=584\",\"url\":\"https:\\\/\\\/www.serwiscodzienny.pl\\\/?p=584\",\"name\":\"Og\u00f3lnopolska kampania na rzecz zdrowia Polak\u00f3w - Serwis Codzienny\",\"isPartOf\":{\"@id\":\"http:\\\/\\\/www.serwiscodzienny.pl\\\/#website\"},\"primaryImageOfPage\":{\"@id\":\"https:\\\/\\\/www.serwiscodzienny.pl\\\/?p=584#primaryimage\"},\"image\":{\"@id\":\"https:\\\/\\\/www.serwiscodzienny.pl\\\/?p=584#primaryimage\"},\"thumbnailUrl\":\"https:\\\/\\\/www.serwiscodzienny.pl\\\/wp-content\\\/uploads\\\/2026\\\/09\\\/profuilaktyka_podaj_dalej-810x540-1.webp\",\"datePublished\":\"2026-09-03T13:54:09+00:00\",\"dateModified\":\"2026-09-03T13:54:10+00:00\",\"breadcrumb\":{\"@id\":\"https:\\\/\\\/www.serwiscodzienny.pl\\\/?p=584#breadcrumb\"},\"inLanguage\":\"pl-PL\",\"potentialAction\":[{\"@type\":\"ReadAction\",\"target\":[\"https:\\\/\\\/www.serwiscodzienny.pl\\\/?p=584\"]}]},{\"@type\":\"ImageObject\",\"inLanguage\":\"pl-PL\",\"@id\":\"https:\\\/\\\/www.serwiscodzienny.pl\\\/?p=584#primaryimage\",\"url\":\"https:\\\/\\\/www.serwiscodzienny.pl\\\/wp-content\\\/uploads\\\/2026\\\/09\\\/profuilaktyka_podaj_dalej-810x540-1.webp\",\"contentUrl\":\"https:\\\/\\\/www.serwiscodzienny.pl\\\/wp-content\\\/uploads\\\/2026\\\/09\\\/profuilaktyka_podaj_dalej-810x540-1.webp\",\"width\":810,\"height\":540},{\"@type\":\"BreadcrumbList\",\"@id\":\"https:\\\/\\\/www.serwiscodzienny.pl\\\/?p=584#breadcrumb\",\"itemListElement\":[{\"@type\":\"ListItem\",\"position\":1,\"name\":\"Strona g\u0142\u00f3wna\",\"item\":\"http:\\\/\\\/www.serwiscodzienny.pl\\\/\"},{\"@type\":\"ListItem\",\"position\":2,\"name\":\"Og\u00f3lnopolska kampania na rzecz zdrowia Polak\u00f3w\"}]},{\"@type\":\"WebSite\",\"@id\":\"http:\\\/\\\/www.serwiscodzienny.pl\\\/#website\",\"url\":\"http:\\\/\\\/www.serwiscodzienny.pl\\\/\",\"name\":\"Serwis Codzienny\",\"description\":\"\",\"publisher\":{\"@id\":\"http:\\\/\\\/www.serwiscodzienny.pl\\\/#organization\"},\"potentialAction\":[{\"@type\":\"SearchAction\",\"target\":{\"@type\":\"EntryPoint\",\"urlTemplate\":\"http:\\\/\\\/www.serwiscodzienny.pl\\\/?s={search_term_string}\"},\"query-input\":{\"@type\":\"PropertyValueSpecification\",\"valueRequired\":true,\"valueName\":\"search_term_string\"}}],\"inLanguage\":\"pl-PL\"},{\"@type\":\"Organization\",\"@id\":\"http:\\\/\\\/www.serwiscodzienny.pl\\\/#organization\",\"name\":\"Serwis Codzienny\",\"url\":\"http:\\\/\\\/www.serwiscodzienny.pl\\\/\",\"logo\":{\"@type\":\"ImageObject\",\"inLanguage\":\"pl-PL\",\"@id\":\"http:\\\/\\\/www.serwiscodzienny.pl\\\/#\\\/schema\\\/logo\\\/image\\\/\",\"url\":\"https:\\\/\\\/www.serwiscodzienny.pl\\\/wp-content\\\/uploads\\\/2026\\\/05\\\/cropped-Copilot_20260506_232159.png\",\"contentUrl\":\"https:\\\/\\\/www.serwiscodzienny.pl\\\/wp-content\\\/uploads\\\/2026\\\/05\\\/cropped-Copilot_20260506_232159.png\",\"width\":1219,\"height\":337,\"caption\":\"Serwis Codzienny\"},\"image\":{\"@id\":\"http:\\\/\\\/www.serwiscodzienny.pl\\\/#\\\/schema\\\/logo\\\/image\\\/\"}},{\"@type\":\"Person\",\"@id\":\"http:\\\/\\\/www.serwiscodzienny.pl\\\/#\\\/schema\\\/person\\\/026f742d984089935a1d791eebae268d\",\"name\":\"admin\",\"image\":{\"@type\":\"ImageObject\",\"inLanguage\":\"pl-PL\",\"@id\":\"https:\\\/\\\/secure.gravatar.com\\\/avatar\\\/bfeb187720c171fc28fcafc4fc871fe63d6762d149678323a68a486b56259a72?s=96&d=mm&r=g\",\"url\":\"https:\\\/\\\/secure.gravatar.com\\\/avatar\\\/bfeb187720c171fc28fcafc4fc871fe63d6762d149678323a68a486b56259a72?s=96&d=mm&r=g\",\"contentUrl\":\"https:\\\/\\\/secure.gravatar.com\\\/avatar\\\/bfeb187720c171fc28fcafc4fc871fe63d6762d149678323a68a486b56259a72?s=96&d=mm&r=g\",\"caption\":\"admin\"},\"sameAs\":[\"http:\\\/\\\/www.serwiscodzienny.pl\"],\"url\":\"https:\\\/\\\/www.serwiscodzienny.pl\\\/?author=1\"}]}<\/script>\n<!-- \/ Yoast SEO plugin. -->","yoast_head_json":{"title":"Og\u00f3lnopolska kampania na rzecz zdrowia Polak\u00f3w - Serwis Codzienny","robots":{"index":"index","follow":"follow","max-snippet":"max-snippet:-1","max-image-preview":"max-image-preview:large","max-video-preview":"max-video-preview:-1"},"canonical":"https:\/\/www.serwiscodzienny.pl\/?p=584","og_locale":"pl_PL","og_type":"article","og_title":"Og\u00f3lnopolska kampania na rzecz zdrowia Polak\u00f3w - Serwis Codzienny","og_description":"Ministerstwo Zdrowia inauguruje wrzesie\u0144 miesi\u0105cem profilaktyki. Z tej okazji ruszy\u0142a kampania \u201eProfilaktyka - podaj dalej\u201d. Przy wsparciu innych resort\u00f3w, samorz\u0105d\u00f3w, instytucji publicznych, partner\u00f3w spo\u0142ecznych i \u015brodowiska medycznego b\u0119dzie zach\u0119ca\u0107 Polki i Polak\u00f3w do bada\u0144 profilaktycznych.","og_url":"https:\/\/www.serwiscodzienny.pl\/?p=584","og_site_name":"Serwis Codzienny","article_published_time":"2026-09-03T13:54:09+00:00","article_modified_time":"2026-09-03T13:54:10+00:00","og_image":[{"width":810,"height":540,"url":"https:\/\/www.serwiscodzienny.pl\/wp-content\/uploads\/2026\/09\/profuilaktyka_podaj_dalej-810x540-1.webp","type":"image\/webp"}],"author":"admin","twitter_card":"summary_large_image","twitter_misc":{"Napisane przez":"admin","Szacowany czas czytania":"7 minut"},"schema":{"@context":"https:\/\/schema.org","@graph":[{"@type":"Article","@id":"https:\/\/www.serwiscodzienny.pl\/?p=584#article","isPartOf":{"@id":"https:\/\/www.serwiscodzienny.pl\/?p=584"},"author":{"name":"admin","@id":"http:\/\/www.serwiscodzienny.pl\/#\/schema\/person\/026f742d984089935a1d791eebae268d"},"headline":"Og\u00f3lnopolska kampania na rzecz zdrowia Polak\u00f3w","datePublished":"2026-09-03T13:54:09+00:00","dateModified":"2026-09-03T13:54:10+00:00","mainEntityOfPage":{"@id":"https:\/\/www.serwiscodzienny.pl\/?p=584"},"wordCount":1283,"commentCount":0,"publisher":{"@id":"http:\/\/www.serwiscodzienny.pl\/#organization"},"image":{"@id":"https:\/\/www.serwiscodzienny.pl\/?p=584#primaryimage"},"thumbnailUrl":"https:\/\/www.serwiscodzienny.pl\/wp-content\/uploads\/2026\/09\/profuilaktyka_podaj_dalej-810x540-1.webp","articleSection":["Rzesz\u00f3w"],"inLanguage":"pl-PL","potentialAction":[{"@type":"CommentAction","name":"Comment","target":["https:\/\/www.serwiscodzienny.pl\/?p=584#respond"]}]},{"@type":"WebPage","@id":"https:\/\/www.serwiscodzienny.pl\/?p=584","url":"https:\/\/www.serwiscodzienny.pl\/?p=584","name":"Og\u00f3lnopolska kampania na rzecz zdrowia Polak\u00f3w - Serwis Codzienny","isPartOf":{"@id":"http:\/\/www.serwiscodzienny.pl\/#website"},"primaryImageOfPage":{"@id":"https:\/\/www.serwiscodzienny.pl\/?p=584#primaryimage"},"image":{"@id":"https:\/\/www.serwiscodzienny.pl\/?p=584#primaryimage"},"thumbnailUrl":"https:\/\/www.serwiscodzienny.pl\/wp-content\/uploads\/2026\/09\/profuilaktyka_podaj_dalej-810x540-1.webp","datePublished":"2026-09-03T13:54:09+00:00","dateModified":"2026-09-03T13:54:10+00:00","breadcrumb":{"@id":"https:\/\/www.serwiscodzienny.pl\/?p=584#breadcrumb"},"inLanguage":"pl-PL","potentialAction":[{"@type":"ReadAction","target":["https:\/\/www.serwiscodzienny.pl\/?p=584"]}]},{"@type":"ImageObject","inLanguage":"pl-PL","@id":"https:\/\/www.serwiscodzienny.pl\/?p=584#primaryimage","url":"https:\/\/www.serwiscodzienny.pl\/wp-content\/uploads\/2026\/09\/profuilaktyka_podaj_dalej-810x540-1.webp","contentUrl":"https:\/\/www.serwiscodzienny.pl\/wp-content\/uploads\/2026\/09\/profuilaktyka_podaj_dalej-810x540-1.webp","width":810,"height":540},{"@type":"BreadcrumbList","@id":"https:\/\/www.serwiscodzienny.pl\/?p=584#breadcrumb","itemListElement":[{"@type":"ListItem","position":1,"name":"Strona g\u0142\u00f3wna","item":"http:\/\/www.serwiscodzienny.pl\/"},{"@type":"ListItem","position":2,"name":"Og\u00f3lnopolska kampania na rzecz zdrowia Polak\u00f3w"}]},{"@type":"WebSite","@id":"http:\/\/www.serwiscodzienny.pl\/#website","url":"http:\/\/www.serwiscodzienny.pl\/","name":"Serwis Codzienny","description":"","publisher":{"@id":"http:\/\/www.serwiscodzienny.pl\/#organization"},"potentialAction":[{"@type":"SearchAction","target":{"@type":"EntryPoint","urlTemplate":"http:\/\/www.serwiscodzienny.pl\/?s={search_term_string}"},"query-input":{"@type":"PropertyValueSpecification","valueRequired":true,"valueName":"search_term_string"}}],"inLanguage":"pl-PL"},{"@type":"Organization","@id":"http:\/\/www.serwiscodzienny.pl\/#organization","name":"Serwis Codzienny","url":"http:\/\/www.serwiscodzienny.pl\/","logo":{"@type":"ImageObject","inLanguage":"pl-PL","@id":"http:\/\/www.serwiscodzienny.pl\/#\/schema\/logo\/image\/","url":"https:\/\/www.serwiscodzienny.pl\/wp-content\/uploads\/2026\/05\/cropped-Copilot_20260506_232159.png","contentUrl":"https:\/\/www.serwiscodzienny.pl\/wp-content\/uploads\/2026\/05\/cropped-Copilot_20260506_232159.png","width":1219,"height":337,"caption":"Serwis Codzienny"},"image":{"@id":"http:\/\/www.serwiscodzienny.pl\/#\/schema\/logo\/image\/"}},{"@type":"Person","@id":"http:\/\/www.serwiscodzienny.pl\/#\/schema\/person\/026f742d984089935a1d791eebae268d","name":"admin","image":{"@type":"ImageObject","inLanguage":"pl-PL","@id":"https:\/\/secure.gravatar.com\/avatar\/bfeb187720c171fc28fcafc4fc871fe63d6762d149678323a68a486b56259a72?s=96&d=mm&r=g","url":"https:\/\/secure.gravatar.com\/avatar\/bfeb187720c171fc28fcafc4fc871fe63d6762d149678323a68a486b56259a72?s=96&d=mm&r=g","contentUrl":"https:\/\/secure.gravatar.com\/avatar\/bfeb187720c171fc28fcafc4fc871fe63d6762d149678323a68a486b56259a72?s=96&d=mm&r=g","caption":"admin"},"sameAs":["http:\/\/www.serwiscodzienny.pl"],"url":"https:\/\/www.serwiscodzienny.pl\/?author=1"}]}},"_links":{"self":[{"href":"https:\/\/www.serwiscodzienny.pl\/index.php?rest_route=\/wp\/v2\/posts\/584","targetHints":{"allow":["GET"]}}],"collection":[{"href":"https:\/\/www.serwiscodzienny.pl\/index.php?rest_route=\/wp\/v2\/posts"}],"about":[{"href":"https:\/\/www.serwiscodzienny.pl\/index.php?rest_route=\/wp\/v2\/types\/post"}],"author":[{"embeddable":true,"href":"https:\/\/www.serwiscodzienny.pl\/index.php?rest_route=\/wp\/v2\/users\/1"}],"replies":[{"embeddable":true,"href":"https:\/\/www.serwiscodzienny.pl\/index.php?rest_route=%2Fwp%2Fv2%2Fcomments&post=584"}],"version-history":[{"count":1,"href":"https:\/\/www.serwiscodzienny.pl\/index.php?rest_route=\/wp\/v2\/posts\/584\/revisions"}],"predecessor-version":[{"id":586,"href":"https:\/\/www.serwiscodzienny.pl\/index.php?rest_route=\/wp\/v2\/posts\/584\/revisions\/586"}],"wp:featuredmedia":[{"embeddable":true,"href":"https:\/\/www.serwiscodzienny.pl\/index.php?rest_route=\/wp\/v2\/media\/585"}],"wp:attachment":[{"href":"https:\/\/www.serwiscodzienny.pl\/index.php?rest_route=%2Fwp%2Fv2%2Fmedia&parent=584"}],"wp:term":[{"taxonomy":"category","embeddable":true,"href":"https:\/\/www.serwiscodzienny.pl\/index.php?rest_route=%2Fwp%2Fv2%2Fcategories&post=584"},{"taxonomy":"post_tag","embeddable":true,"href":"https:\/\/www.serwiscodzienny.pl\/index.php?rest_route=%2Fwp%2Fv2%2Ftags&post=584"}],"curies":[{"name":"wp","href":"https:\/\/api.w.org\/{rel}","templated":true}]}}