{"id":413,"date":"2026-08-05T15:09:01","date_gmt":"2026-08-05T15:09:01","guid":{"rendered":"https:\/\/www.serwiscodzienny.pl\/?p=413"},"modified":"2026-08-05T15:26:31","modified_gmt":"2026-08-05T15:26:31","slug":"sciezka-rowerowa-na-zlota-gore","status":"publish","type":"post","link":"https:\/\/www.serwiscodzienny.pl\/?p=413","title":{"rendered":"\u015acie\u017cka rowerowa na Z\u0142ot\u0105 G\u00f3r\u0119"},"content":{"rendered":"\n<p class=\"wp-block-paragraph\"><strong><br>Nowoczesna \u015bcie\u017cka rowerowa prowadz\u0105ca na Z\u0142ot\u0105 G\u00f3r\u0119 w Ostrowach Tuszowskich jest ju\u017c gotowa i s\u0142u\u017cy mieszka\u0144com oraz turystom. Zako\u0144czon\u0105 inwestycj\u0119 wizytowali Marsza\u0142ek Wojew\u00f3dztwa Podkarpackiego W\u0142adys\u0142aw Ortyl, Pose\u0142 na Sejm RP Zbigniew Chmielowiec, W\u00f3jt Gminy Cmolas Bernadeta Wolak-Pos\u0142uszny oraz Radna Gminy Cmolas Ewelina Nowicka. Spotkanie by\u0142o okazj\u0105 do podsumowania zrealizowanego przedsi\u0119wzi\u0119cia, kt\u00f3re powsta\u0142o dzi\u0119ki \u015brodkom z Funduszy Europejskich dla Podkarpacia 2021\u20132027 i ju\u017c dzi\u015b cieszy si\u0119 du\u017cym zainteresowaniem mieszka\u0144c\u00f3w.<\/strong><\/p>\n\n\n\n<p class=\"wp-block-paragraph\">Projekt pn. \u201eBudowa \u015bcie\u017cki rowerowej i tras pieszych na terenie Gminy Cmolas\u201d obj\u0105\u0142 wykonanie trzech odcink\u00f3w infrastruktury pieszo-rowerowej. W Ostrowach Tuszowskich powsta\u0142a blisko kilometrowa \u015bcie\u017cka rowerowa prowadz\u0105ca w kierunku Z\u0142otej G\u00f3ry wraz z parkingiem Bike&amp;Ride oraz nowoczesnym przej\u015bciem dla pieszych z o\u015bwietleniem wykorzystuj\u0105cym odnawialne \u017ar\u00f3d\u0142a energii. Dodatkowo zrealizowano trasy piesze w Trz\u0119s\u00f3wce i Ostrowach Baranowskich.<\/p>\n\n\n\n<p class=\"wp-block-paragraph\">Po zako\u0144czeniu procedur przetargowych warto\u015b\u0107 rob\u00f3t budowlanych wynios\u0142a blisko 1,5 mln z\u0142, z czego ponad 1,25 mln z\u0142 stanowi\u0142o dofinansowanie z Europejskiego Funduszu Rozwoju Regionalnego.<\/p>\n\n\n\n<p class=\"wp-block-paragraph\">Podczas wizytacji podkre\u015blano, \u017ce inwestycja nie tylko poprawia bezpiecze\u0144stwo uczestnik\u00f3w ruchu drogowego, ale r\u00f3wnie\u017c stwarza nowe mo\u017cliwo\u015bci rozwoju turystyki i aktywnego wypoczynku na terenie P\u0142askowy\u017cu Kolbuszowskiego.<\/p>\n\n\n\n<p class=\"wp-block-paragraph\">Marsza\u0142ek W\u0142adys\u0142aw Ortyl zwr\u00f3ci\u0142 uwag\u0119, \u017ce sukces takich przedsi\u0119wzi\u0119\u0107 jest efektem dobrej wsp\u00f3\u0142pracy wielu \u015brodowisk oraz konsekwentnego przygotowania projekt\u00f3w.<\/p>\n\n\n\n<p class=\"wp-block-paragraph\">-W takich sytuacjach zawsze potrzebny jest dobry projekt i dobry pomys\u0142. Potrzebne jest r\u00f3wnie\u017c wsparcie parlamentarzyst\u00f3w, radnych i wszystkich, kt\u00f3rzy zgodnie dzia\u0142aj\u0105 na rzecz takich przedsi\u0119wzi\u0119\u0107 \u2013 podkre\u015bli\u0142 marsza\u0142ek.<\/p>\n\n\n\n<p class=\"wp-block-paragraph\">W dalszej cz\u0119\u015bci wyst\u0105pienia zaznaczy\u0142, \u017ce nowa infrastruktura b\u0119dzie mia\u0142a szczeg\u00f3lne znaczenie dla mieszka\u0144c\u00f3w ju\u017c od pocz\u0105tku nowego roku szkolnego.<\/p>\n\n\n\n<p class=\"wp-block-paragraph\">-Za chwil\u0119 uczniowie wr\u00f3c\u0105 do szk\u00f3\u0142 i b\u0119d\u0105 korzysta\u0107 z tych \u015bcie\u017cek. To naprawd\u0119 \u015bwietny pomys\u0142 i bardzo dobra realizacja.<\/p>\n\n\n\n<p class=\"wp-block-paragraph\">Marsza\u0142ek podkre\u015bli\u0142 r\u00f3wnie\u017c, \u017ce rozw\u00f3j tras rowerowych powinien sta\u0107 si\u0119 integralnym elementem modernizacji dr\u00f3g wojew\u00f3dzkich.<\/p>\n\n\n\n<p class=\"wp-block-paragraph\">-Rower to dzi\u015b nie tylko moda czy konieczno\u015b\u0107. To bardzo wa\u017cny element rozwoju rekreacji i wypoczynku, a tak\u017ce spos\u00f3b na udost\u0119pnianie mieszka\u0144com atrakcyjnych teren\u00f3w, kt\u00f3re cz\u0119sto znajduj\u0105 si\u0119 bardzo blisko, cho\u0107 nie zawsze s\u0105 dobrze znane. Dzi\u0119ki wygodnym \u015bcie\u017ckom mo\u017cna bezpiecznie dojecha\u0107 tam ca\u0142\u0105 rodzin\u0105.<\/p>\n\n\n\n<p class=\"wp-block-paragraph\">Odnosz\u0105c si\u0119 do plan\u00f3w rozwoju infrastruktury, zapowiedzia\u0142, \u017ce wkr\u00f3tce \u015bcie\u017cki na terenie gminy Cmolas zostan\u0105 po\u0142\u0105czone z kolejnymi trasami realizowanymi w s\u0105siednich samorz\u0105dach.<\/p>\n\n\n\n<p class=\"wp-block-paragraph\">-To dobry przyk\u0142ad dzia\u0142ania, kt\u00f3re ju\u017c wkr\u00f3tce b\u0119dzie mog\u0142o po\u0142\u0105czy\u0107 si\u0119 z jeszcze wi\u0119kszym projektem. \u015acie\u017cki rowerowe na terenie gminy Niwiska, kt\u00f3rych warto\u015b\u0107 wynosi blisko 13 milion\u00f3w z\u0142otych, zostan\u0105 po\u0142\u0105czone z tutejszymi trasami, tworz\u0105c sp\u00f3jn\u0105 sie\u0107 na P\u0142askowy\u017cu Kolbuszowskim.<\/p>\n\n\n\n<p class=\"wp-block-paragraph\">W\u00f3jt Gminy Cmolas nie kry\u0142a zadowolenia z zako\u0144czenia inwestycji oraz wizyty przedstawicieli samorz\u0105du wojew\u00f3dztwa i parlamentu. Jak podkre\u015bli\u0142a, realizacja przedsi\u0119wzi\u0119cia by\u0142a mo\u017cliwa dzi\u0119ki skutecznemu pozyskaniu \u015brodk\u00f3w zewn\u0119trznych i wsparciu Urz\u0119du Marsza\u0142kowskiego.<\/p>\n\n\n\n<p class=\"wp-block-paragraph\">-Ciesz\u0119 si\u0119 z dzisiejszej obecno\u015bci pana marsza\u0142ka. Chcia\u0142am pokaza\u0107 inwestycj\u0119, kt\u00f3r\u0105 realizujemy dzi\u0119ki wsparciu Urz\u0119du Marsza\u0142kowskiego. Dzi\u0119ki pozyskanym funduszom uda\u0142o si\u0119 zrealizowa\u0107 trzy \u015bcie\u017cki, mi\u0119dzy innymi t\u0119 prowadz\u0105c\u0105 na Z\u0142ot\u0105 G\u00f3r\u0119 w Ostrowach Tuszowskich. To w\u0142a\u015bnie dzi\u0119ki tym \u015brodkom mo\u017cemy realizowa\u0107 takie inwestycje. Panie Marsza\u0142ku, bardzo serdecznie dzi\u0119kuj\u0119 \u2013 powiedzia\u0142a Bernadetta Wolak-Pos\u0142uszny.<\/p>\n\n\n\n<p class=\"wp-block-paragraph\">Pose\u0142 Zbigniew Chmielowiec podzi\u0119kowa\u0142 za dobr\u0105 wsp\u00f3\u0142prac\u0119 pomi\u0119dzy samorz\u0105dem wojew\u00f3dztwa i gminy oraz podkre\u015bli\u0142 znaczenie inwestycji dla rozwoju ca\u0142ego regionu.<\/p>\n\n\n\n<p class=\"wp-block-paragraph\">-Jeste\u015bmy dzisiaj w Ostrowach Tuszowskich, na terenie pi\u0119knej gminy Cmolas. Chcia\u0142em serdecznie podzi\u0119kowa\u0107 panu marsza\u0142kowi, a jednocze\u015bnie pani w\u00f3jt za wsp\u00f3\u0142prac\u0119 i wspieranie takich inwestycji.<\/p>\n\n\n\n<p class=\"wp-block-paragraph\">Jak zaznaczy\u0142, szczeg\u00f3lnie istotne jest tworzenie sp\u00f3jnej sieci tras rowerowych obejmuj\u0105cej kolejne gminy.<\/p>\n\n\n\n<p class=\"wp-block-paragraph\">-Przed chwil\u0105 pan marsza\u0142ek przekaza\u0142 bardzo dobr\u0105 wiadomo\u015b\u0107. Gmina Niwiska r\u00f3wnie\u017c b\u0119dzie inwestowa\u0142a w \u015bcie\u017cki rowerowe. Najwa\u017cniejsze jest jednak to, \u017ce \u015bcie\u017cka, przy kt\u00f3rej w\u0142a\u015bnie si\u0119 znajdujemy, b\u0119dzie cz\u0119\u015bci\u0105 wi\u0119kszej sieci funkcjonuj\u0105cej na terenie ca\u0142ego P\u0142askowy\u017cu Kolbuszowskiego.<\/p>\n\n\n\n<p class=\"wp-block-paragraph\">Nowa \u015bcie\u017cka rowerowa w Ostrowach Tuszowskich oraz wykonane trasy piesze to kolejny krok w rozwoju bezpiecznej i nowoczesnej infrastruktury komunikacyjnej na terenie Gminy Cmolas. Dzi\u0119ki wsparciu Funduszy Europejskich mieszka\u0144cy zyskali miejsce sprzyjaj\u0105ce codziennym dojazdom, aktywnemu wypoczynkowi oraz turystyce. W przysz\u0142o\u015bci inwestycja stanie si\u0119 cz\u0119\u015bci\u0105 wi\u0119kszej sieci tras rowerowych obejmuj\u0105cych ca\u0142y P\u0142askowy\u017c Kolbuszowski, tworz\u0105c atrakcyjn\u0105 i bezpieczn\u0105 przestrze\u0144 dla mieszka\u0144c\u00f3w oraz odwiedzaj\u0105cych region.<\/p>\n","protected":false},"excerpt":{"rendered":"<p>Nowoczesna \u015bcie\u017cka rowerowa prowadz\u0105ca na Z\u0142ot\u0105 G\u00f3r\u0119 w Ostrowach Tuszowskich jest ju\u017c gotowa i s\u0142u\u017cy mieszka\u0144com oraz turystom. Zako\u0144czon\u0105 inwestycj\u0119 wizytowali Marsza\u0142ek Wojew\u00f3dztwa Podkarpackiego W\u0142adys\u0142aw Ortyl, Pose\u0142 na Sejm RP Zbigniew Chmielowiec, W\u00f3jt Gminy Cmolas Bernadeta Wolak-Pos\u0142uszny oraz Radna Gminy Cmolas Ewelina Nowicka. Spotkanie by\u0142o okazj\u0105 do podsumowania zrealizowanego przedsi\u0119wzi\u0119cia, kt\u00f3re powsta\u0142o dzi\u0119ki \u015brodkom z Funduszy Europejskich dla Podkarpacia 2021\u20132027 i ju\u017c dzi\u015b cieszy si\u0119 du\u017cym zainteresowaniem mieszka\u0144c\u00f3w.<\/p>\n","protected":false},"author":1,"featured_media":414,"comment_status":"open","ping_status":"open","sticky":false,"template":"","format":"standard","meta":{"footnotes":""},"categories":[21],"tags":[],"class_list":["post-413","post","type-post","status-publish","format-standard","has-post-thumbnail","hentry","category-region"],"yoast_head":"<!-- This site is optimized with the Yoast SEO plugin v28.4 - https:\/\/yoast.com\/product\/yoast-seo-wordpress\/ -->\n<title>\u015acie\u017cka rowerowa na Z\u0142ot\u0105 G\u00f3r\u0119 - Serwis Codzienny<\/title>\n<meta name=\"robots\" content=\"index, follow, max-snippet:-1, max-image-preview:large, max-video-preview:-1\" \/>\n<link rel=\"canonical\" href=\"https:\/\/www.serwiscodzienny.pl\/?p=413\" \/>\n<meta property=\"og:locale\" content=\"pl_PL\" \/>\n<meta property=\"og:type\" content=\"article\" \/>\n<meta property=\"og:title\" content=\"\u015acie\u017cka rowerowa na Z\u0142ot\u0105 G\u00f3r\u0119 - Serwis Codzienny\" \/>\n<meta property=\"og:description\" content=\"Nowoczesna \u015bcie\u017cka rowerowa prowadz\u0105ca na Z\u0142ot\u0105 G\u00f3r\u0119 w Ostrowach Tuszowskich jest ju\u017c gotowa i s\u0142u\u017cy mieszka\u0144com oraz turystom. Zako\u0144czon\u0105 inwestycj\u0119 wizytowali Marsza\u0142ek Wojew\u00f3dztwa Podkarpackiego W\u0142adys\u0142aw Ortyl, Pose\u0142 na Sejm RP Zbigniew Chmielowiec, W\u00f3jt Gminy Cmolas Bernadeta Wolak-Pos\u0142uszny oraz Radna Gminy Cmolas Ewelina Nowicka. Spotkanie by\u0142o okazj\u0105 do podsumowania zrealizowanego przedsi\u0119wzi\u0119cia, kt\u00f3re powsta\u0142o dzi\u0119ki \u015brodkom z Funduszy Europejskich dla Podkarpacia 2021\u20132027 i ju\u017c dzi\u015b cieszy si\u0119 du\u017cym zainteresowaniem mieszka\u0144c\u00f3w.\" \/>\n<meta property=\"og:url\" content=\"https:\/\/www.serwiscodzienny.pl\/?p=413\" \/>\n<meta property=\"og:site_name\" content=\"Serwis Codzienny\" \/>\n<meta property=\"article:published_time\" content=\"2026-08-05T15:09:01+00:00\" \/>\n<meta property=\"article:modified_time\" content=\"2026-08-05T15:26:31+00:00\" \/>\n<meta property=\"og:image\" content=\"https:\/\/www.serwiscodzienny.pl\/wp-content\/uploads\/2026\/08\/02-1-scaled.jpg\" \/>\n\t<meta property=\"og:image:width\" content=\"2560\" \/>\n\t<meta property=\"og:image:height\" content=\"1707\" \/>\n\t<meta property=\"og:image:type\" content=\"image\/jpeg\" \/>\n<meta name=\"author\" content=\"admin\" \/>\n<meta name=\"twitter:card\" content=\"summary_large_image\" \/>\n<meta name=\"twitter:label1\" content=\"Napisane przez\" \/>\n\t<meta name=\"twitter:data1\" content=\"admin\" \/>\n\t<meta name=\"twitter:label2\" content=\"Szacowany czas czytania\" \/>\n\t<meta name=\"twitter:data2\" content=\"4 minuty\" \/>\n<script type=\"application\/ld+json\" class=\"yoast-schema-graph\">{\"@context\":\"https:\\\/\\\/schema.org\",\"@graph\":[{\"@type\":\"Article\",\"@id\":\"https:\\\/\\\/www.serwiscodzienny.pl\\\/?p=413#article\",\"isPartOf\":{\"@id\":\"https:\\\/\\\/www.serwiscodzienny.pl\\\/?p=413\"},\"author\":{\"name\":\"admin\",\"@id\":\"http:\\\/\\\/www.serwiscodzienny.pl\\\/#\\\/schema\\\/person\\\/026f742d984089935a1d791eebae268d\"},\"headline\":\"\u015acie\u017cka rowerowa na Z\u0142ot\u0105 G\u00f3r\u0119\",\"datePublished\":\"2026-08-05T15:09:01+00:00\",\"dateModified\":\"2026-08-05T15:26:31+00:00\",\"mainEntityOfPage\":{\"@id\":\"https:\\\/\\\/www.serwiscodzienny.pl\\\/?p=413\"},\"wordCount\":831,\"commentCount\":0,\"publisher\":{\"@id\":\"http:\\\/\\\/www.serwiscodzienny.pl\\\/#organization\"},\"image\":{\"@id\":\"https:\\\/\\\/www.serwiscodzienny.pl\\\/?p=413#primaryimage\"},\"thumbnailUrl\":\"https:\\\/\\\/www.serwiscodzienny.pl\\\/wp-content\\\/uploads\\\/2026\\\/08\\\/02-1-scaled.jpg\",\"articleSection\":[\"Region\"],\"inLanguage\":\"pl-PL\",\"potentialAction\":[{\"@type\":\"CommentAction\",\"name\":\"Comment\",\"target\":[\"https:\\\/\\\/www.serwiscodzienny.pl\\\/?p=413#respond\"]}]},{\"@type\":\"WebPage\",\"@id\":\"https:\\\/\\\/www.serwiscodzienny.pl\\\/?p=413\",\"url\":\"https:\\\/\\\/www.serwiscodzienny.pl\\\/?p=413\",\"name\":\"\u015acie\u017cka rowerowa na Z\u0142ot\u0105 G\u00f3r\u0119 - Serwis Codzienny\",\"isPartOf\":{\"@id\":\"http:\\\/\\\/www.serwiscodzienny.pl\\\/#website\"},\"primaryImageOfPage\":{\"@id\":\"https:\\\/\\\/www.serwiscodzienny.pl\\\/?p=413#primaryimage\"},\"image\":{\"@id\":\"https:\\\/\\\/www.serwiscodzienny.pl\\\/?p=413#primaryimage\"},\"thumbnailUrl\":\"https:\\\/\\\/www.serwiscodzienny.pl\\\/wp-content\\\/uploads\\\/2026\\\/08\\\/02-1-scaled.jpg\",\"datePublished\":\"2026-08-05T15:09:01+00:00\",\"dateModified\":\"2026-08-05T15:26:31+00:00\",\"breadcrumb\":{\"@id\":\"https:\\\/\\\/www.serwiscodzienny.pl\\\/?p=413#breadcrumb\"},\"inLanguage\":\"pl-PL\",\"potentialAction\":[{\"@type\":\"ReadAction\",\"target\":[\"https:\\\/\\\/www.serwiscodzienny.pl\\\/?p=413\"]}]},{\"@type\":\"ImageObject\",\"inLanguage\":\"pl-PL\",\"@id\":\"https:\\\/\\\/www.serwiscodzienny.pl\\\/?p=413#primaryimage\",\"url\":\"https:\\\/\\\/www.serwiscodzienny.pl\\\/wp-content\\\/uploads\\\/2026\\\/08\\\/02-1-scaled.jpg\",\"contentUrl\":\"https:\\\/\\\/www.serwiscodzienny.pl\\\/wp-content\\\/uploads\\\/2026\\\/08\\\/02-1-scaled.jpg\",\"width\":2560,\"height\":1707},{\"@type\":\"BreadcrumbList\",\"@id\":\"https:\\\/\\\/www.serwiscodzienny.pl\\\/?p=413#breadcrumb\",\"itemListElement\":[{\"@type\":\"ListItem\",\"position\":1,\"name\":\"Strona g\u0142\u00f3wna\",\"item\":\"http:\\\/\\\/www.serwiscodzienny.pl\\\/\"},{\"@type\":\"ListItem\",\"position\":2,\"name\":\"\u015acie\u017cka rowerowa na Z\u0142ot\u0105 G\u00f3r\u0119\"}]},{\"@type\":\"WebSite\",\"@id\":\"http:\\\/\\\/www.serwiscodzienny.pl\\\/#website\",\"url\":\"http:\\\/\\\/www.serwiscodzienny.pl\\\/\",\"name\":\"Serwis Codzienny\",\"description\":\"\",\"publisher\":{\"@id\":\"http:\\\/\\\/www.serwiscodzienny.pl\\\/#organization\"},\"potentialAction\":[{\"@type\":\"SearchAction\",\"target\":{\"@type\":\"EntryPoint\",\"urlTemplate\":\"http:\\\/\\\/www.serwiscodzienny.pl\\\/?s={search_term_string}\"},\"query-input\":{\"@type\":\"PropertyValueSpecification\",\"valueRequired\":true,\"valueName\":\"search_term_string\"}}],\"inLanguage\":\"pl-PL\"},{\"@type\":\"Organization\",\"@id\":\"http:\\\/\\\/www.serwiscodzienny.pl\\\/#organization\",\"name\":\"Serwis Codzienny\",\"url\":\"http:\\\/\\\/www.serwiscodzienny.pl\\\/\",\"logo\":{\"@type\":\"ImageObject\",\"inLanguage\":\"pl-PL\",\"@id\":\"http:\\\/\\\/www.serwiscodzienny.pl\\\/#\\\/schema\\\/logo\\\/image\\\/\",\"url\":\"https:\\\/\\\/www.serwiscodzienny.pl\\\/wp-content\\\/uploads\\\/2026\\\/05\\\/cropped-Copilot_20260506_232159.png\",\"contentUrl\":\"https:\\\/\\\/www.serwiscodzienny.pl\\\/wp-content\\\/uploads\\\/2026\\\/05\\\/cropped-Copilot_20260506_232159.png\",\"width\":1219,\"height\":337,\"caption\":\"Serwis Codzienny\"},\"image\":{\"@id\":\"http:\\\/\\\/www.serwiscodzienny.pl\\\/#\\\/schema\\\/logo\\\/image\\\/\"}},{\"@type\":\"Person\",\"@id\":\"http:\\\/\\\/www.serwiscodzienny.pl\\\/#\\\/schema\\\/person\\\/026f742d984089935a1d791eebae268d\",\"name\":\"admin\",\"image\":{\"@type\":\"ImageObject\",\"inLanguage\":\"pl-PL\",\"@id\":\"https:\\\/\\\/secure.gravatar.com\\\/avatar\\\/bfeb187720c171fc28fcafc4fc871fe63d6762d149678323a68a486b56259a72?s=96&d=mm&r=g\",\"url\":\"https:\\\/\\\/secure.gravatar.com\\\/avatar\\\/bfeb187720c171fc28fcafc4fc871fe63d6762d149678323a68a486b56259a72?s=96&d=mm&r=g\",\"contentUrl\":\"https:\\\/\\\/secure.gravatar.com\\\/avatar\\\/bfeb187720c171fc28fcafc4fc871fe63d6762d149678323a68a486b56259a72?s=96&d=mm&r=g\",\"caption\":\"admin\"},\"sameAs\":[\"http:\\\/\\\/www.serwiscodzienny.pl\"],\"url\":\"https:\\\/\\\/www.serwiscodzienny.pl\\\/?author=1\"}]}<\/script>\n<!-- \/ Yoast SEO plugin. -->","yoast_head_json":{"title":"\u015acie\u017cka rowerowa na Z\u0142ot\u0105 G\u00f3r\u0119 - Serwis Codzienny","robots":{"index":"index","follow":"follow","max-snippet":"max-snippet:-1","max-image-preview":"max-image-preview:large","max-video-preview":"max-video-preview:-1"},"canonical":"https:\/\/www.serwiscodzienny.pl\/?p=413","og_locale":"pl_PL","og_type":"article","og_title":"\u015acie\u017cka rowerowa na Z\u0142ot\u0105 G\u00f3r\u0119 - Serwis Codzienny","og_description":"Nowoczesna \u015bcie\u017cka rowerowa prowadz\u0105ca na Z\u0142ot\u0105 G\u00f3r\u0119 w Ostrowach Tuszowskich jest ju\u017c gotowa i s\u0142u\u017cy mieszka\u0144com oraz turystom. Zako\u0144czon\u0105 inwestycj\u0119 wizytowali Marsza\u0142ek Wojew\u00f3dztwa Podkarpackiego W\u0142adys\u0142aw Ortyl, Pose\u0142 na Sejm RP Zbigniew Chmielowiec, W\u00f3jt Gminy Cmolas Bernadeta Wolak-Pos\u0142uszny oraz Radna Gminy Cmolas Ewelina Nowicka. Spotkanie by\u0142o okazj\u0105 do podsumowania zrealizowanego przedsi\u0119wzi\u0119cia, kt\u00f3re powsta\u0142o dzi\u0119ki \u015brodkom z Funduszy Europejskich dla Podkarpacia 2021\u20132027 i ju\u017c dzi\u015b cieszy si\u0119 du\u017cym zainteresowaniem mieszka\u0144c\u00f3w.","og_url":"https:\/\/www.serwiscodzienny.pl\/?p=413","og_site_name":"Serwis Codzienny","article_published_time":"2026-08-05T15:09:01+00:00","article_modified_time":"2026-08-05T15:26:31+00:00","og_image":[{"width":2560,"height":1707,"url":"https:\/\/www.serwiscodzienny.pl\/wp-content\/uploads\/2026\/08\/02-1-scaled.jpg","type":"image\/jpeg"}],"author":"admin","twitter_card":"summary_large_image","twitter_misc":{"Napisane przez":"admin","Szacowany czas czytania":"4 minuty"},"schema":{"@context":"https:\/\/schema.org","@graph":[{"@type":"Article","@id":"https:\/\/www.serwiscodzienny.pl\/?p=413#article","isPartOf":{"@id":"https:\/\/www.serwiscodzienny.pl\/?p=413"},"author":{"name":"admin","@id":"http:\/\/www.serwiscodzienny.pl\/#\/schema\/person\/026f742d984089935a1d791eebae268d"},"headline":"\u015acie\u017cka rowerowa na Z\u0142ot\u0105 G\u00f3r\u0119","datePublished":"2026-08-05T15:09:01+00:00","dateModified":"2026-08-05T15:26:31+00:00","mainEntityOfPage":{"@id":"https:\/\/www.serwiscodzienny.pl\/?p=413"},"wordCount":831,"commentCount":0,"publisher":{"@id":"http:\/\/www.serwiscodzienny.pl\/#organization"},"image":{"@id":"https:\/\/www.serwiscodzienny.pl\/?p=413#primaryimage"},"thumbnailUrl":"https:\/\/www.serwiscodzienny.pl\/wp-content\/uploads\/2026\/08\/02-1-scaled.jpg","articleSection":["Region"],"inLanguage":"pl-PL","potentialAction":[{"@type":"CommentAction","name":"Comment","target":["https:\/\/www.serwiscodzienny.pl\/?p=413#respond"]}]},{"@type":"WebPage","@id":"https:\/\/www.serwiscodzienny.pl\/?p=413","url":"https:\/\/www.serwiscodzienny.pl\/?p=413","name":"\u015acie\u017cka rowerowa na Z\u0142ot\u0105 G\u00f3r\u0119 - Serwis Codzienny","isPartOf":{"@id":"http:\/\/www.serwiscodzienny.pl\/#website"},"primaryImageOfPage":{"@id":"https:\/\/www.serwiscodzienny.pl\/?p=413#primaryimage"},"image":{"@id":"https:\/\/www.serwiscodzienny.pl\/?p=413#primaryimage"},"thumbnailUrl":"https:\/\/www.serwiscodzienny.pl\/wp-content\/uploads\/2026\/08\/02-1-scaled.jpg","datePublished":"2026-08-05T15:09:01+00:00","dateModified":"2026-08-05T15:26:31+00:00","breadcrumb":{"@id":"https:\/\/www.serwiscodzienny.pl\/?p=413#breadcrumb"},"inLanguage":"pl-PL","potentialAction":[{"@type":"ReadAction","target":["https:\/\/www.serwiscodzienny.pl\/?p=413"]}]},{"@type":"ImageObject","inLanguage":"pl-PL","@id":"https:\/\/www.serwiscodzienny.pl\/?p=413#primaryimage","url":"https:\/\/www.serwiscodzienny.pl\/wp-content\/uploads\/2026\/08\/02-1-scaled.jpg","contentUrl":"https:\/\/www.serwiscodzienny.pl\/wp-content\/uploads\/2026\/08\/02-1-scaled.jpg","width":2560,"height":1707},{"@type":"BreadcrumbList","@id":"https:\/\/www.serwiscodzienny.pl\/?p=413#breadcrumb","itemListElement":[{"@type":"ListItem","position":1,"name":"Strona g\u0142\u00f3wna","item":"http:\/\/www.serwiscodzienny.pl\/"},{"@type":"ListItem","position":2,"name":"\u015acie\u017cka rowerowa na Z\u0142ot\u0105 G\u00f3r\u0119"}]},{"@type":"WebSite","@id":"http:\/\/www.serwiscodzienny.pl\/#website","url":"http:\/\/www.serwiscodzienny.pl\/","name":"Serwis Codzienny","description":"","publisher":{"@id":"http:\/\/www.serwiscodzienny.pl\/#organization"},"potentialAction":[{"@type":"SearchAction","target":{"@type":"EntryPoint","urlTemplate":"http:\/\/www.serwiscodzienny.pl\/?s={search_term_string}"},"query-input":{"@type":"PropertyValueSpecification","valueRequired":true,"valueName":"search_term_string"}}],"inLanguage":"pl-PL"},{"@type":"Organization","@id":"http:\/\/www.serwiscodzienny.pl\/#organization","name":"Serwis Codzienny","url":"http:\/\/www.serwiscodzienny.pl\/","logo":{"@type":"ImageObject","inLanguage":"pl-PL","@id":"http:\/\/www.serwiscodzienny.pl\/#\/schema\/logo\/image\/","url":"https:\/\/www.serwiscodzienny.pl\/wp-content\/uploads\/2026\/05\/cropped-Copilot_20260506_232159.png","contentUrl":"https:\/\/www.serwiscodzienny.pl\/wp-content\/uploads\/2026\/05\/cropped-Copilot_20260506_232159.png","width":1219,"height":337,"caption":"Serwis Codzienny"},"image":{"@id":"http:\/\/www.serwiscodzienny.pl\/#\/schema\/logo\/image\/"}},{"@type":"Person","@id":"http:\/\/www.serwiscodzienny.pl\/#\/schema\/person\/026f742d984089935a1d791eebae268d","name":"admin","image":{"@type":"ImageObject","inLanguage":"pl-PL","@id":"https:\/\/secure.gravatar.com\/avatar\/bfeb187720c171fc28fcafc4fc871fe63d6762d149678323a68a486b56259a72?s=96&d=mm&r=g","url":"https:\/\/secure.gravatar.com\/avatar\/bfeb187720c171fc28fcafc4fc871fe63d6762d149678323a68a486b56259a72?s=96&d=mm&r=g","contentUrl":"https:\/\/secure.gravatar.com\/avatar\/bfeb187720c171fc28fcafc4fc871fe63d6762d149678323a68a486b56259a72?s=96&d=mm&r=g","caption":"admin"},"sameAs":["http:\/\/www.serwiscodzienny.pl"],"url":"https:\/\/www.serwiscodzienny.pl\/?author=1"}]}},"_links":{"self":[{"href":"https:\/\/www.serwiscodzienny.pl\/index.php?rest_route=\/wp\/v2\/posts\/413","targetHints":{"allow":["GET"]}}],"collection":[{"href":"https:\/\/www.serwiscodzienny.pl\/index.php?rest_route=\/wp\/v2\/posts"}],"about":[{"href":"https:\/\/www.serwiscodzienny.pl\/index.php?rest_route=\/wp\/v2\/types\/post"}],"author":[{"embeddable":true,"href":"https:\/\/www.serwiscodzienny.pl\/index.php?rest_route=\/wp\/v2\/users\/1"}],"replies":[{"embeddable":true,"href":"https:\/\/www.serwiscodzienny.pl\/index.php?rest_route=%2Fwp%2Fv2%2Fcomments&post=413"}],"version-history":[{"count":1,"href":"https:\/\/www.serwiscodzienny.pl\/index.php?rest_route=\/wp\/v2\/posts\/413\/revisions"}],"predecessor-version":[{"id":415,"href":"https:\/\/www.serwiscodzienny.pl\/index.php?rest_route=\/wp\/v2\/posts\/413\/revisions\/415"}],"wp:featuredmedia":[{"embeddable":true,"href":"https:\/\/www.serwiscodzienny.pl\/index.php?rest_route=\/wp\/v2\/media\/414"}],"wp:attachment":[{"href":"https:\/\/www.serwiscodzienny.pl\/index.php?rest_route=%2Fwp%2Fv2%2Fmedia&parent=413"}],"wp:term":[{"taxonomy":"category","embeddable":true,"href":"https:\/\/www.serwiscodzienny.pl\/index.php?rest_route=%2Fwp%2Fv2%2Fcategories&post=413"},{"taxonomy":"post_tag","embeddable":true,"href":"https:\/\/www.serwiscodzienny.pl\/index.php?rest_route=%2Fwp%2Fv2%2Ftags&post=413"}],"curies":[{"name":"wp","href":"https:\/\/api.w.org\/{rel}","templated":true}]}}